{"id":9561,"date":"2026-09-05T10:13:27","date_gmt":"2026-09-05T07:13:27","guid":{"rendered":"https:\/\/zprim.com.ua\/peretvorit-svoju-yidalnju-za-30-yevro-propozitsija-na-stiltsi-vid\/"},"modified":"2026-09-05T10:13:27","modified_gmt":"2026-09-05T07:13:27","slug":"peretvorit-svoju-yidalnju-za-30-yevro-propozitsija-na-stiltsi-vid","status":"publish","type":"post","link":"https:\/\/zprim.com.ua\/pt\/transforme-a-sua-sala-de-jantar-por-30-euros-the-conforama-chair-deal\/","title":{"rendered":"Transforme a sua sala de jantar por 30 euros: The Conforama Chair Deal"},"content":{"rendered":"<p>Voc\u00ea n\u00e3o precisa de um or\u00e7amento enorme para mudar a vibra\u00e7\u00e3o de uma sala. Uma mesa nova custa uma fortuna. A pintura leva fins de semana de prepara\u00e7\u00e3o e limpeza. Mas trocar cadeiras? Esse \u00e9 um projeto de fim de semana que rende uma \u201creforma de ambiente\u201d instant\u00e2nea. E agora, a Conforama tem um acordo sobre <strong>cadeiras de jantar BARFLEUR<\/strong> que torna a matem\u00e1tica dif\u00edcil de ignorar. <\/p>\n<p>Estes n\u00e3o s\u00e3o apenas assentos baratos. Eles t\u00eam uma apar\u00eancia espec\u00edfica \u2013 moderna, estruturada e surpreendentemente sofisticada para a faixa de pre\u00e7o. A chave \u00e9 o contraste. Estofamento claro contra pernas escuras. Funciona sempre. <\/p>\n<div id=\"ez-toc-container\" class=\"ez-toc-v2_0_75 counter-hierarchy ez-toc-counter ez-toc-grey ez-toc-container-direction\">\n<p class=\"ez-toc-title\" style=\"cursor:inherit\">\u0417\u043c\u0456\u0441\u0442<\/p>\n<label for=\"ez-toc-cssicon-toggle-item-6a9cd87807ba7\" class=\"ez-toc-cssicon-toggle-label\"><span class=\"ez-toc-cssicon\"><span class=\"eztoc-hide\" style=\"display:none;\">Toggle<\/span><span class=\"ez-toc-icon-toggle-span\"><svg style=\"fill: #999;color:#999\" xmlns=\"http:\/\/www.w3.org\/2000\/svg\" class=\"list-377408\" width=\"20px\" height=\"20px\" viewBox=\"0 0 24 24\" fill=\"none\"><path d=\"M6 6H4v2h2V6zm14 0H8v2h12V6zM4 11h2v2H4v-2zm16 0H8v2h12v-2zM4 16h2v2H4v-2zm16 0H8v2h12v-2z\" fill=\"currentColor\"><\/path><\/svg><svg style=\"fill: #999;color:#999\" class=\"arrow-unsorted-368013\" xmlns=\"http:\/\/www.w3.org\/2000\/svg\" width=\"10px\" height=\"10px\" viewBox=\"0 0 24 24\" version=\"1.2\" baseProfile=\"tiny\"><path d=\"M18.2 9.3l-6.2-6.3-6.2 6.3c-.2.2-.3.4-.3.7s.1.5.3.7c.2.2.4.3.7.3h11c.3 0 .5-.1.7-.3.2-.2.3-.5.3-.7s-.1-.5-.3-.7zM5.8 14.7l6.2 6.3 6.2-6.3c.2-.2.3-.5.3-.7s-.1-.5-.3-.7c-.2-.2-.4-.3-.7-.3h-11c-.3 0-.5.1-.7.3-.2.2-.3.5-.3.7s.1.5.3.7z\"\/><\/svg><\/span><\/span><\/label><input type=\"checkbox\"  id=\"ez-toc-cssicon-toggle-item-6a9cd87807ba7\"  aria-label=\"Toggle\" \/><nav><ul class='ez-toc-list ez-toc-list-level-1 ' ><li class='ez-toc-page-1 ez-toc-heading-level-2'><a class=\"ez-toc-link ez-toc-heading-1\" href=\"https:\/\/zprim.com.ua\/pt\/transforme-a-sua-sala-de-jantar-por-30-euros-the-conforama-chair-deal\/#Os_numeros_quanto_voce_economiza_neste_negocio_de_moveis\" >Os n\u00fameros: quanto voc\u00ea economiza neste neg\u00f3cio de m\u00f3veis<\/a><\/li><li class='ez-toc-page-1 ez-toc-heading-level-2'><a class=\"ez-toc-link ez-toc-heading-2\" href=\"https:\/\/zprim.com.ua\/pt\/transforme-a-sua-sala-de-jantar-por-30-euros-the-conforama-chair-deal\/#O_design_por_que_veludo_bege_e_pernas_pretas_funcionam\" >O design: por que veludo bege e pernas pretas funcionam<\/a><\/li><li class='ez-toc-page-1 ez-toc-heading-level-2'><a class=\"ez-toc-link ez-toc-heading-3\" href=\"https:\/\/zprim.com.ua\/pt\/transforme-a-sua-sala-de-jantar-por-30-euros-the-conforama-chair-deal\/#Onde_comprar_e_o_que_verificar\" >Onde comprar e o que verificar<\/a><\/li><li class='ez-toc-page-1 ez-toc-heading-level-2'><a class=\"ez-toc-link ez-toc-heading-4\" href=\"https:\/\/zprim.com.ua\/pt\/transforme-a-sua-sala-de-jantar-por-30-euros-the-conforama-chair-deal\/#Vale_a_pena\" >Vale a pena<\/a><ul class='ez-toc-list-level-3' ><li class='ez-toc-heading-level-3'><a class=\"ez-toc-link ez-toc-heading-5\" href=\"https:\/\/zprim.com.ua\/pt\/transforme-a-sua-sala-de-jantar-por-30-euros-the-conforama-chair-deal\/#Por_que_esta_escolha_de_tecido_e_importante_para_durabilidade\" >Por que esta escolha de tecido \u00e9 importante para durabilidade<\/a><\/li><li class='ez-toc-page-1 ez-toc-heading-level-3'><a class=\"ez-toc-link ez-toc-heading-6\" href=\"https:\/\/zprim.com.ua\/pt\/transforme-a-sua-sala-de-jantar-por-30-euros-the-conforama-chair-deal\/#Conforto_no_mundo_real_o_teste_de_densidade_da_espuma\" >Conforto no mundo real: o teste de densidade da espuma<\/a><\/li><li class='ez-toc-page-1 ez-toc-heading-level-3'><a class=\"ez-toc-link ez-toc-heading-7\" href=\"https:\/\/zprim.com.ua\/pt\/transforme-a-sua-sala-de-jantar-por-30-euros-the-conforama-chair-deal\/#Quem_deve_pular_essas_cadeiras\" >Quem deve pular essas cadeiras?<\/a><\/li><li class='ez-toc-page-1 ez-toc-heading-level-3'><a class=\"ez-toc-link ez-toc-heading-8\" href=\"https:\/\/zprim.com.ua\/pt\/transforme-a-sua-sala-de-jantar-por-30-euros-the-conforama-chair-deal\/#Como_estiliza-los_sem_confusao\" >Como estiliz\u00e1-los sem confus\u00e3o<\/a><\/li><li class='ez-toc-page-1 ez-toc-heading-level-3'><a class=\"ez-toc-link ez-toc-heading-9\" href=\"https:\/\/zprim.com.ua\/pt\/transforme-a-sua-sala-de-jantar-por-30-euros-the-conforama-chair-deal\/#O_que_voce_realmente_esta_comprando\" >O que voc\u00ea realmente est\u00e1 comprando<\/a><\/li><\/ul><\/li><\/ul><\/nav><\/div>\n<h2><span class=\"ez-toc-section\" id=\"Os_numeros_quanto_voce_economiza_neste_negocio_de_moveis\"><\/span>Os n\u00fameros: quanto voc\u00ea economiza neste neg\u00f3cio de m\u00f3veis<span class=\"ez-toc-section-end\"><\/span><\/h2>\n<p>Vejamos a matem\u00e1tica. O <strong>conjunto de cadeiras BARFLEUR<\/strong> est\u00e1 com pre\u00e7os reduzidos de 199,99 euros a <strong>119,99 euros<\/strong>. Isso \u00e9 um desconto de 41%. Divida isso por unidade e voc\u00ea pagar\u00e1 aproximadamente <strong>30 euros por cadeira<\/strong>. Para um design com cord\u00e3o de veludo e estrutura met\u00e1lica, isso est\u00e1 abaixo da m\u00e9dia do mercado. <\/p>\n<p>A oferta vai at\u00e9 o final de mar\u00e7o. O estoque \u00e9 limitado. Depende da localiza\u00e7\u00e3o espec\u00edfica da loja. Voc\u00ea n\u00e3o pode fazer o pedido on-line apenas pelo pre\u00e7o com desconto; voc\u00ea precisa verificar o invent\u00e1rio local. <\/p>\n<blockquote>\n<p>&#8220;Substituir cadeiras \u00e9 a maneira mais r\u00e1pida de atualizar um espa\u00e7o de jantar sem o custo de uma reforma completa.&#8221; <\/p>\n<\/blockquote>\n<p>Por que esse acordo espec\u00edfico \u00e9 importante? Porque 30 euros por cadeira permitem a experimenta\u00e7\u00e3o. Voc\u00ea pode misturar e combinar cores mais tarde, se quiser. Ou compre mais quatro para dobrar o seu assento. O risco \u00e9 baixo. A recompensa \u00e9 uma mudan\u00e7a visual completa. <\/p>\n<h2><span class=\"ez-toc-section\" id=\"O_design_por_que_veludo_bege_e_pernas_pretas_funcionam\"><\/span>O design: por que veludo bege e pernas pretas funcionam<span class=\"ez-toc-section-end\"><\/span><\/h2>\n<p>A est\u00e9tica aqui depende da simplicidade. O assento e o encosto s\u00e3o estofados em veludo cotel\u00ea bege com aspecto de linho. \u00c9 macio. Ele capta a luz. Faz com que um espa\u00e7o pequeno pare\u00e7a maior e mais claro. <\/p>\n<p>As pernas s\u00e3o de metal preto fosco. Eles fornecem uma estrutura geom\u00e9trica n\u00edtida. Esse contraste evita que as cadeiras pare\u00e7am \u201cflutuantes\u201d ou baratas. O preto ancora a pe\u00e7a. O bege levanta isso. <\/p>\n<p>Esta combina\u00e7\u00e3o se adapta a quase todos os estilos de decora\u00e7\u00e3o. Funciona em:<br>\n* Salas de jantar tradicionais<br>\n* Cozinhas modernas e minimalistas<br>\n* Escrit\u00f3rios dom\u00e9sticos que precisam de assento para visitantes<br>\n* Pequenos recantos para caf\u00e9 da manh\u00e3 <\/p>\n<p>Se suas cadeiras atuais estiverem gastas ou desatualizadas, essa troca por si s\u00f3 pode fazer o ambiente parecer novo. Voc\u00ea n\u00e3o precisa de novas paredes. Voc\u00ea n\u00e3o precisa de nova ilumina\u00e7\u00e3o. Apenas quatro boas cadeiras. <\/p>\n<h2><span class=\"ez-toc-section\" id=\"Onde_comprar_e_o_que_verificar\"><\/span>Onde comprar e o que verificar<span class=\"ez-toc-section-end\"><\/span><\/h2>\n<p>A Conforama \u00e9 a varejista. O nome do produto \u00e9 BARFLEUR. O pre\u00e7o \u00e9 de 119,99 euros pelo lote de quatro. O desconto est\u00e1 ativo agora, mas expira no final de mar\u00e7o. <\/p>\n<p>Antes de se comprometer, verifique estas tr\u00eas coisas:<br>\n1. <strong>Disponibilidade de estoque.<\/strong> Esta \u00e9 uma oferta por tempo limitado. O colorway espec\u00edfico pode se esgotar primeiro na loja local.<br>\n2. <strong>Requisitos de montagem.<\/strong> Estas cadeiras v\u00eam embaladas de forma plana. Voc\u00ea precisar\u00e1 de uma chave de fenda b\u00e1sica ou chave Allen. Demora cerca de 15 a 20 minutos por cadeira.<br>\n3. <strong>Altura do assento.<\/strong> As cadeiras de jantar padr\u00e3o t\u00eam 45-50 cm de altura. Certifique-se de que a altura da sua mesa corresponda. Eles s\u00e3o projetados para mesas de jantar padr\u00e3o. <\/p>\n<h2><span class=\"ez-toc-section\" id=\"Vale_a_pena\"><\/span>Vale a pena<span class=\"ez-toc-section-end\"><\/span><\/h2>\n<p><img decoding=\"async\" class=\"aligncenter\" src=\"https:\/\/zprim.com.ua\/wp-content\/uploads\/2026\/09\/04188817caa3459f987f806e21ca334d.jpg\" alt=\"\"> <\/p>\n<p>O veludo capta a luz de uma forma que um tecido macio nunca consegue. Durante o dia, suaviza o ambiente. \u00c0 noite, uma \u00fanica l\u00e2mpada faz com que ele se destaque com profundidade. Parece bem vestido, mas se mant\u00e9m na vida real.<\/p>\n<p>O linho bege \u00e9 o neutro definitivo. Funciona com carvalho claro. Funciona com preto total. Destaca o gr\u00e9s e as placas de vidro transparente sem competir. As pernas de a\u00e7o preto, revestidas a p\u00f3 para maior durabilidade, ancoram o design. Eles n\u00e3o pesam na sala. Eles apenas se mant\u00eam firmes. <\/p>\n<h3><span class=\"ez-toc-section\" id=\"Por_que_esta_escolha_de_tecido_e_importante_para_durabilidade\"><\/span>Por que esta escolha de tecido \u00e9 importante para durabilidade<span class=\"ez-toc-section-end\"><\/span><\/h3>\n<p>O veludo cotel\u00ea n\u00e3o \u00e9 apenas uma escolha de textura. \u00c9 pr\u00e1tico se voc\u00ea entender o material. As costelas ret\u00eam a luz e escondem melhor a poeira menor do que a trama simples. No entanto, voc\u00ea deve limp\u00e1-los corretamente. A poeira se instala nesses canais. Se voc\u00ea ignorar, o bege perde o brilho. A aspira\u00e7\u00e3o regular e suave mant\u00e9m a apar\u00eancia limpa. Essa \u00e9 a compensa\u00e7\u00e3o por aquela sensa\u00e7\u00e3o luxuosa. <\/p>\n<h3><span class=\"ez-toc-section\" id=\"Conforto_no_mundo_real_o_teste_de_densidade_da_espuma\"><\/span>Conforto no mundo real: o teste de densidade da espuma<span class=\"ez-toc-section-end\"><\/span><\/h3>\n<p>A Conforama especifica o assento com espuma de densidade <strong>21 kg\/m\u00b3<\/strong>. Isso soa como jarg\u00e3o at\u00e9 voc\u00ea se sentar. N\u00e3o \u00e9 uma placa de pl\u00e1stico. N\u00e3o \u00e9 uma bagun\u00e7a fl\u00e1cida. Est\u00e1 certo. Voc\u00ea pode ficar para jantar. Voc\u00ea pode ficar por horas em trabalho remoto. O suporte traseiro aguenta. <\/p>\n<p>As dimens\u00f5es s\u00e3o importantes aqui. O assento fica a <strong>47,5 cm<\/strong>. A largura \u00e9 <strong>45 cm<\/strong>. A profundidade \u00e9 <strong>39,5 cm<\/strong>. A altura total \u00e9 <strong>85 cm<\/strong>. Estas s\u00e3o propor\u00e7\u00f5es padr\u00e3o. Eles cabem na maioria das mesas de jantar sem parecer estranhos. Se a sua mesa for excepcionalmente baixa ou alta, me\u00e7a primeiro. Mas para configura\u00e7\u00f5es padr\u00e3o, \u00e9 uma aposta segura. <\/p>\n<h3><span class=\"ez-toc-section\" id=\"Quem_deve_pular_essas_cadeiras\"><\/span>Quem deve pular essas cadeiras?<span class=\"ez-toc-section-end\"><\/span><\/h3>\n<p>Aqui est\u00e1 o problema. Eles <strong>n\u00e3o s\u00e3o dobr\u00e1veis<\/strong>. Eles <strong>n\u00e3o s\u00e3o empilh\u00e1veis<\/strong>. <\/p>\n<p>Se voc\u00ea mora em um est\u00fadio ou apartamento pequeno, isso \u00e9 um obst\u00e1culo. Voc\u00ea n\u00e3o pode enfi\u00e1-los em um arm\u00e1rio quando os convidados saem. Voc\u00ea tem que armazen\u00e1-los. Isso for\u00e7a voc\u00ea a se comprometer. Voc\u00ea precisa de espa\u00e7o permanente para eles. <\/p>\n<p>Considere seu layout. Eles podem alinhar uma parede? Eles podem funcionar como cadeiras de mesa em um canto? Se a resposta for n\u00e3o, v\u00e1 embora. Essas cadeiras exigem visibilidade. S\u00e3o pe\u00e7as de declara\u00e7\u00e3o, n\u00e3o utilit\u00e1rios ocultos. <\/p>\n<h3><span class=\"ez-toc-section\" id=\"Como_estiliza-los_sem_confusao\"><\/span>Como estiliz\u00e1-los sem confus\u00e3o<span class=\"ez-toc-section-end\"><\/span><\/h3>\n<p>Voc\u00ea n\u00e3o precisa de uma reforma completa para faz\u00ea-los funcionar. Experimente estas configura\u00e7\u00f5es: <\/p>\n<ol>\n<li><strong>Contempor\u00e2neo:<\/strong> Combine com uma mesa de madeira clara. Adicione detalhes em preto \u2013 uma luz pendente, uma moldura ou casti\u00e7ais. Mantenha os minerais simples. Cer\u00e2micas foscas funcionam melhor. <\/li>\n<li><strong>Aconchegante\/Quente:<\/strong> Escolha madeira escura. Adicione fibras naturais como juta ou l\u00e3. A ilumina\u00e7\u00e3o quente \u00e9 fundamental. Um tapete texturizado por baixo une a vibra\u00e7\u00e3o do \u201crecanto\u201d. \u00d3timo para o inverno. <\/li>\n<li><strong>Minimalista:<\/strong> Atenha-se aos tons bege. Camadas monocrom\u00e1ticas. Use preto apenas para ecoar as pernas da cadeira. Menos \u00e9 mais. Evite ru\u00eddo visual. <\/li>\n<\/ol>\n<h3><span class=\"ez-toc-section\" id=\"O_que_voce_realmente_esta_comprando\"><\/span>O que voc\u00ea realmente est\u00e1 comprando<span class=\"ez-toc-section-end\"><\/span><\/h3>\n<p>O pre\u00e7o ronda os <strong>30 \u20ac por cadeira<\/strong>. Para isso, voc\u00ea obt\u00e9m um visual de design e conforto acolchoado. A Conforama inclui manual em PDF para montagem. Est\u00e1 claro. Sem suposi\u00e7\u00f5es. <\/p>\n<p>A pol\u00edtica de devolu\u00e7\u00e3o \u00e9 de <strong>14 dias<\/strong>. A garantia legal \u00e9 de <strong>2 anos<\/strong>. Essa \u00e9 a prote\u00e7\u00e3o padr\u00e3o da UE. <\/p>\n<p>O risco \u00e9 baixo. A recompensa \u00e9 o estilo. Mas s\u00f3 se voc\u00ea tiver espa\u00e7o. Voc\u00ea tem espa\u00e7o para cadeiras permanentes? Ou voc\u00ea precisa dobr\u00e1-los ap\u00f3s cada refei\u00e7\u00e3o? Essa \u00e9 a \u00fanica quest\u00e3o real.<\/p>\n","protected":false},"excerpt":{"rendered":"<p>Voc\u00ea n\u00e3o precisa de um or\u00e7amento enorme para mudar a vibra\u00e7\u00e3o de uma sala. Uma mesa nova custa uma fortuna. A pintura leva fins de semana de prepara\u00e7\u00e3o e limpeza. Mas trocar cadeiras? Esse \u00e9 um projeto de fim de semana que rende uma \u201creforma de ambiente\u201d instant\u00e2nea. E agora, a Conforama tem um acordo [&hellip;]<\/p>\n","protected":false},"author":1,"featured_media":9557,"comment_status":"closed","ping_status":"open","sticky":false,"template":"","format":"standard","meta":{"tdm_status":"","tdm_grid_status":""},"categories":[70],"tags":[],"wpm_language_slugs":{"cs":"promente-svou-jidelnu-za-30-eur-nabidka-na-zidle-od-conforama","de":"verwandeln-sie-ihr-esszimmer-fur-30-euro-der-conforama-chair-deal","en":"transform-your-dining-room-for-30-euros-the-conforama-chair-deal","es":"transforma-tu-comedor-por-30-euros-la-oferta-de-sillas-conforama","fr":"transformez-votre-salle-a-manger-pour-30-euros-le-deal-chaise","id":"ubah-ruang-makan-anda-seharga-30-euro-kesepakatan-kursi-conforama","it":"trasforma-la-tua-sala-da-pranzo-a-30-euro-lofferta-delle-sedie","nl":"transformeer-uw-eetkamer-voor-30-euro-de-conforama-stoelendeal","pl":"odmien-swoja-jadalnie-za-30-euro-oferta-na-krzesla-conforama","pt":"transforme-a-sua-sala-de-jantar-por-30-euros-the-conforama-chair-deal","ru-ru":"preobrazite-svoju-stolovuju-za-30-evro-predlozhenie-na-stulja-ot","uk-ua":"peretvorit-svoju-yidalnju-za-30-yevro-propozitsija-na-stiltsi-vid"},"amp_enabled":true,"_links":{"self":[{"href":"https:\/\/zprim.com.ua\/pt\/wp-json\/wp\/v2\/posts\/9561"}],"collection":[{"href":"https:\/\/zprim.com.ua\/pt\/wp-json\/wp\/v2\/posts"}],"about":[{"href":"https:\/\/zprim.com.ua\/pt\/wp-json\/wp\/v2\/types\/post"}],"author":[{"embeddable":true,"href":"https:\/\/zprim.com.ua\/pt\/wp-json\/wp\/v2\/users\/1"}],"replies":[{"embeddable":true,"href":"https:\/\/zprim.com.ua\/pt\/wp-json\/wp\/v2\/comments?post=9561"}],"version-history":[{"count":0,"href":"https:\/\/zprim.com.ua\/pt\/wp-json\/wp\/v2\/posts\/9561\/revisions"}],"wp:featuredmedia":[{"embeddable":true,"href":"https:\/\/zprim.com.ua\/pt\/wp-json\/wp\/v2\/media\/9557"}],"wp:attachment":[{"href":"https:\/\/zprim.com.ua\/pt\/wp-json\/wp\/v2\/media?parent=9561"}],"wp:term":[{"taxonomy":"category","embeddable":true,"href":"https:\/\/zprim.com.ua\/pt\/wp-json\/wp\/v2\/categories?post=9561"},{"taxonomy":"post_tag","embeddable":true,"href":"https:\/\/zprim.com.ua\/pt\/wp-json\/wp\/v2\/tags?post=9561"}],"curies":[{"name":"wp","href":"https:\/\/api.w.org\/{rel}","templated":true}]}}